{"id":2557,"date":"2026-02-11T13:46:19","date_gmt":"2026-02-11T12:46:19","guid":{"rendered":"https:\/\/mobilehomescentre.com\/uncategorized\/transport-of-a-used-ideal-mobile-home-to-zala\/"},"modified":"2026-02-19T14:27:16","modified_gmt":"2026-02-19T13:27:16","slug":"transport-of-a-used-ideal-mobile-home-to-zala","status":"publish","type":"post","link":"https:\/\/mobilehomescentre.com\/en\/referencia\/transport-of-a-used-ideal-mobile-home-to-zala\/","title":{"rendered":"Transport of a Used Ideal Mobile Home to Zala"},"content":{"rendered":"<div class=\"wpb-content-wrapper\"><p>[vc_row][vc_column width=&#8221;2\/3&#8243; offset=&#8221;vc_col-sm-offset-2&#8243;][vc_column_text css=&#8221;&#8221;]<strong>Recently, we delivered a used Ideal mobile home (8&#215;3.10 meters, 2 bedrooms) to its new owner in Zala. Prior to delivery, modifications included installing an electric boiler and connections for a washing machine.<\/strong><\/p>\n<h3>Challenges During Transport and Installation<\/h3>\n<p>The narrow roads in the Zala area and uneven terrain posed challenges for our team, but thanks to our equipment and expertise, the transport and installation were completed smoothly. The mobile home was securely placed at its designated location.<\/p>\n<h3>Modifications for Added Comfort<\/h3>\n<p>This mobile home offers two comfortable bedrooms and a well-equipped kitchen. The installed electric boiler and washing machine connections ensure the home is ready for long-term living. The new owner can look forward to a comfortable home that meets all modern needs.<\/p>\n<h3>Summary<\/h3>\n<p>This project once again demonstrates our company\u2019s ability to provide tailored solutions for used mobile homes. If you&#8217;re looking for a customizable, used mobile home, we are always available to assist![\/vc_column_text][\/vc_column][\/vc_row][vc_row][vc_column]<style type=\"text\/css\" data-type=\"the7_shortcodes-inline-css\">.gallery-shortcode.gallery-masonry-shortcode-id-6723f1436d371a87c923eb02f000c1a9 figure,\n.gallery-shortcode.gallery-masonry-shortcode-id-6723f1436d371a87c923eb02f000c1a9 .rollover,\n.gallery-shortcode.gallery-masonry-shortcode-id-6723f1436d371a87c923eb02f000c1a9 img,\n.gallery-shortcode.gallery-masonry-shortcode-id-6723f1436d371a87c923eb02f000c1a9 .gallery-rollover {\n  border-radius: 15px;\n}\n.gallery-shortcode.gallery-masonry-shortcode-id-6723f1436d371a87c923eb02f000c1a9.enable-bg-rollover .gallery-rollover {\n  background: -webkit-linear-gradient();\n  background: linear-gradient();\n}\n.gallery-shortcode.gallery-masonry-shortcode-id-6723f1436d371a87c923eb02f000c1a9.enable-bg-rollover.hover-scale figure .rollover:after {\n  background: -webkit-linear-gradient();\n  background: linear-gradient();\n}\n.gallery-shortcode.gallery-masonry-shortcode-id-6723f1436d371a87c923eb02f000c1a9 .gallery-zoom-ico {\n  width: 44px;\n  height: 44px;\n  line-height: 44px;\n  border-radius: 100px;\n  margin: -22px 0 0 -22px;\n  border-width: 0px;\n  color: #ffffff;\n}\n.dt-icon-bg-on.gallery-shortcode.gallery-masonry-shortcode-id-6723f1436d371a87c923eb02f000c1a9 .gallery-zoom-ico {\n  background: rgba(255,255,255,0.3);\n  box-shadow: none;\n}\n.gallery-shortcode.gallery-masonry-shortcode-id-6723f1436d371a87c923eb02f000c1a9 .gallery-zoom-ico:before,\n.gallery-shortcode.gallery-masonry-shortcode-id-6723f1436d371a87c923eb02f000c1a9 .gallery-zoom-ico span {\n  font-size: 32px;\n  line-height: 44px;\n  color: #ffffff;\n}\n.gallery-shortcode.gallery-masonry-shortcode-id-6723f1436d371a87c923eb02f000c1a9:not(.resize-by-browser-width) .dt-css-grid {\n  grid-row-gap: 10px;\n  grid-column-gap: 10px;\n  grid-template-columns: repeat(auto-fill,minmax(,1fr));\n}\n.gallery-shortcode.gallery-masonry-shortcode-id-6723f1436d371a87c923eb02f000c1a9:not(.resize-by-browser-width) .dt-css-grid .double-width {\n  grid-column: span 2;\n}\n.cssgridlegacy.no-cssgrid .gallery-shortcode.gallery-masonry-shortcode-id-6723f1436d371a87c923eb02f000c1a9:not(.resize-by-browser-width) .dt-css-grid,\n.no-cssgridlegacy.no-cssgrid .gallery-shortcode.gallery-masonry-shortcode-id-6723f1436d371a87c923eb02f000c1a9:not(.resize-by-browser-width) .dt-css-grid {\n  display: flex;\n  flex-flow: row wrap;\n  margin: -5px;\n}\n.cssgridlegacy.no-cssgrid .gallery-shortcode.gallery-masonry-shortcode-id-6723f1436d371a87c923eb02f000c1a9:not(.resize-by-browser-width) .dt-css-grid .wf-cell,\n.no-cssgridlegacy.no-cssgrid .gallery-shortcode.gallery-masonry-shortcode-id-6723f1436d371a87c923eb02f000c1a9:not(.resize-by-browser-width) .dt-css-grid .wf-cell {\n  flex: 1 0 ;\n  max-width: 100%;\n  padding: 5px;\n  box-sizing: border-box;\n}\n.gallery-shortcode.gallery-masonry-shortcode-id-6723f1436d371a87c923eb02f000c1a9.resize-by-browser-width .dt-css-grid {\n  grid-template-columns: repeat(3,1fr);\n  grid-template-rows: auto;\n  grid-column-gap: 10px;\n  grid-row-gap: 10px;\n}\n.gallery-shortcode.gallery-masonry-shortcode-id-6723f1436d371a87c923eb02f000c1a9.resize-by-browser-width .dt-css-grid .double-width {\n  grid-column: span 2;\n}\n.cssgridlegacy.no-cssgrid .gallery-shortcode.gallery-masonry-shortcode-id-6723f1436d371a87c923eb02f000c1a9.resize-by-browser-width .dt-css-grid {\n  margin: -5px;\n}\n.cssgridlegacy.no-cssgrid .gallery-shortcode.gallery-masonry-shortcode-id-6723f1436d371a87c923eb02f000c1a9.resize-by-browser-width .dt-css-grid .wf-cell {\n  width: 33.3333333333%;\n  padding: 5px;\n}\n.cssgridlegacy.no-cssgrid .gallery-shortcode.gallery-masonry-shortcode-id-6723f1436d371a87c923eb02f000c1a9.resize-by-browser-width .dt-css-grid .wf-cell.double-width {\n  width: calc(33.3333333333%) * 2;\n}\n.gallery-shortcode.gallery-masonry-shortcode-id-6723f1436d371a87c923eb02f000c1a9.resize-by-browser-width:not(.centered-layout-list):not(.content-bg-on) .dt-css-grid {\n  grid-row-gap: 10px - ;\n}\n@media screen and (max-width: 1199px) {\n  .gallery-shortcode.gallery-masonry-shortcode-id-6723f1436d371a87c923eb02f000c1a9.resize-by-browser-width .dt-css-grid {\n    grid-template-columns: repeat(3,1fr);\n  }\n  .cssgridlegacy.no-cssgrid .gallery-shortcode.gallery-masonry-shortcode-id-6723f1436d371a87c923eb02f000c1a9.resize-by-browser-width .dt-css-grid .wf-cell,\n  .no-cssgridlegacy.no-cssgrid .gallery-shortcode.gallery-masonry-shortcode-id-6723f1436d371a87c923eb02f000c1a9.resize-by-browser-width .dt-css-grid .wf-cell {\n    width: 33.3333333333%;\n  }\n  .cssgridlegacy.no-cssgrid .gallery-shortcode.gallery-masonry-shortcode-id-6723f1436d371a87c923eb02f000c1a9.resize-by-browser-width .dt-css-grid .wf-cell.double-width,\n  .no-cssgridlegacy.no-cssgrid .gallery-shortcode.gallery-masonry-shortcode-id-6723f1436d371a87c923eb02f000c1a9.resize-by-browser-width .dt-css-grid .wf-cell.double-width {\n    width: calc(33.3333333333%)*2;\n  }\n}\n@media screen and (max-width: 991px) {\n  .gallery-shortcode.gallery-masonry-shortcode-id-6723f1436d371a87c923eb02f000c1a9.resize-by-browser-width .dt-css-grid {\n    grid-template-columns: repeat(3,1fr);\n  }\n  .cssgridlegacy.no-cssgrid .gallery-shortcode.gallery-masonry-shortcode-id-6723f1436d371a87c923eb02f000c1a9.resize-by-browser-width .dt-css-grid .wf-cell,\n  .no-cssgridlegacy.no-cssgrid .gallery-shortcode.gallery-masonry-shortcode-id-6723f1436d371a87c923eb02f000c1a9.resize-by-browser-width .dt-css-grid .wf-cell {\n    width: 33.3333333333%;\n  }\n  .cssgridlegacy.no-cssgrid .gallery-shortcode.gallery-masonry-shortcode-id-6723f1436d371a87c923eb02f000c1a9.resize-by-browser-width .dt-css-grid .wf-cell.double-width,\n  .no-cssgridlegacy.no-cssgrid .gallery-shortcode.gallery-masonry-shortcode-id-6723f1436d371a87c923eb02f000c1a9.resize-by-browser-width .dt-css-grid .wf-cell.double-width {\n    width: calc(33.3333333333%)*2;\n  }\n}\n@media screen and (max-width: 767px) {\n  .gallery-shortcode.gallery-masonry-shortcode-id-6723f1436d371a87c923eb02f000c1a9.resize-by-browser-width .dt-css-grid {\n    grid-template-columns: repeat(2,1fr);\n  }\n  .cssgridlegacy.no-cssgrid .gallery-shortcode.gallery-masonry-shortcode-id-6723f1436d371a87c923eb02f000c1a9.resize-by-browser-width .dt-css-grid .wf-cell,\n  .no-cssgridlegacy.no-cssgrid .gallery-shortcode.gallery-masonry-shortcode-id-6723f1436d371a87c923eb02f000c1a9.resize-by-browser-width .dt-css-grid .wf-cell {\n    width: 50%;\n  }\n  .cssgridlegacy.no-cssgrid .gallery-shortcode.gallery-masonry-shortcode-id-6723f1436d371a87c923eb02f000c1a9.resize-by-browser-width .dt-css-grid .wf-cell.double-width,\n  .no-cssgridlegacy.no-cssgrid .gallery-shortcode.gallery-masonry-shortcode-id-6723f1436d371a87c923eb02f000c1a9.resize-by-browser-width .dt-css-grid .wf-cell.double-width {\n    width: calc(50%)*2;\n  }\n}<\/style><div class=\"gallery-shortcode dt-gallery-container gallery-masonry-shortcode-id-6723f1436d371a87c923eb02f000c1a9 mode-grid jquery-filter dt-icon-bg-off scale-img dt-css-grid-wrap resize-by-browser-width  hover-fade loading-effect-none description-on-hover\" data-padding=\"5px\" data-cur-page=\"1\" data-post-limit=\"-1\" data-pagination-mode=\"none\" data-desktop-columns-num=\"3\" data-v-tablet-columns-num=\"3\" data-h-tablet-columns-num=\"3\" data-phone-columns-num=\"2\" data-width=\"0px\" data-columns=\"0\"><div class=\"dt-css-grid\" ><div class=\"wf-cell\" data-post-id=\"1927\" data-date=\"2026-02-11T13:45:51+01:00\" data-name=\"ujabb-sikeres-szallitas-zala-varmegyeben-\u2013-ideal-mobilhaz-telepitese1\"><figure class=\"post visible\"><a href=\"https:\/\/mobilehomescentre.com\/wp-content\/uploads\/2026\/02\/ujabb-sikeres-szallitas-zala-varmegyeben-\u2013-ideal-mobilhaz-telepitese1.jpg\" class=\"rollover dt-pswp-item layzr-bg\" data-large_image_width=\"1920\" data-large_image_height=\"1440\" data-dt-img-description=\"\" title=\"ujabb-sikeres-szallitas-zala-varmegyeben-\u2013-ideal-mobilhaz-telepitese1\"><img fetchpriority=\"high\" decoding=\"async\" class=\"preload-me iso-lazy-load aspect\" src=\"data:image\/svg+xml,%3Csvg%20xmlns%3D&#39;http%3A%2F%2Fwww.w3.org%2F2000%2Fsvg&#39;%20viewBox%3D&#39;0%200%20379%20284&#39;%2F%3E\" data-src=\"https:\/\/mobilehomescentre.com\/wp-content\/uploads\/2026\/02\/ujabb-sikeres-szallitas-zala-varmegyeben-\u2013-ideal-mobilhaz-telepitese1-379x284.jpg\" data-srcset=\"https:\/\/mobilehomescentre.com\/wp-content\/uploads\/2026\/02\/ujabb-sikeres-szallitas-zala-varmegyeben-\u2013-ideal-mobilhaz-telepitese1-379x284.jpg 379w, https:\/\/mobilehomescentre.com\/wp-content\/uploads\/2026\/02\/ujabb-sikeres-szallitas-zala-varmegyeben-\u2013-ideal-mobilhaz-telepitese1-569x426.jpg 569w\" loading=\"eager\" style=\"--ratio: 379 \/ 284\" sizes=\"(max-width: 379px) 100vw, 379px\" alt=\"\" width=\"379\" height=\"284\"  \/><span class=\"gallery-rollover\"><\/span><\/a><\/figure><\/div><div class=\"wf-cell\" data-post-id=\"1930\" data-date=\"2026-02-11T13:45:53+01:00\" data-name=\"ujabb-sikeres-szallitas-zala-varmegyeben-\u2013-ideal-mobilhaz-telepitese2\"><figure class=\"post visible\"><a href=\"https:\/\/mobilehomescentre.com\/wp-content\/uploads\/2026\/02\/ujabb-sikeres-szallitas-zala-varmegyeben-\u2013-ideal-mobilhaz-telepitese2.jpg\" class=\"rollover dt-pswp-item layzr-bg\" data-large_image_width=\"1920\" data-large_image_height=\"1440\" data-dt-img-description=\"\" title=\"ujabb-sikeres-szallitas-zala-varmegyeben-\u2013-ideal-mobilhaz-telepitese2\"><img decoding=\"async\" class=\"preload-me iso-lazy-load aspect\" src=\"data:image\/svg+xml,%3Csvg%20xmlns%3D&#39;http%3A%2F%2Fwww.w3.org%2F2000%2Fsvg&#39;%20viewBox%3D&#39;0%200%20379%20284&#39;%2F%3E\" data-src=\"https:\/\/mobilehomescentre.com\/wp-content\/uploads\/2026\/02\/ujabb-sikeres-szallitas-zala-varmegyeben-\u2013-ideal-mobilhaz-telepitese2-379x284.jpg\" data-srcset=\"https:\/\/mobilehomescentre.com\/wp-content\/uploads\/2026\/02\/ujabb-sikeres-szallitas-zala-varmegyeben-\u2013-ideal-mobilhaz-telepitese2-379x284.jpg 379w, https:\/\/mobilehomescentre.com\/wp-content\/uploads\/2026\/02\/ujabb-sikeres-szallitas-zala-varmegyeben-\u2013-ideal-mobilhaz-telepitese2-569x426.jpg 569w\" loading=\"eager\" style=\"--ratio: 379 \/ 284\" sizes=\"(max-width: 379px) 100vw, 379px\" alt=\"\" width=\"379\" height=\"284\"  \/><span class=\"gallery-rollover\"><\/span><\/a><\/figure><\/div><div class=\"wf-cell\" data-post-id=\"1933\" data-date=\"2026-02-11T13:45:56+01:00\" data-name=\"ujabb-sikeres-szallitas-zala-varmegyeben-\u2013-ideal-mobilhaz-telepitese3\"><figure class=\"post visible\"><a href=\"https:\/\/mobilehomescentre.com\/wp-content\/uploads\/2026\/02\/ujabb-sikeres-szallitas-zala-varmegyeben-\u2013-ideal-mobilhaz-telepitese3.jpg\" class=\"rollover dt-pswp-item layzr-bg\" data-large_image_width=\"1920\" data-large_image_height=\"1440\" data-dt-img-description=\"\" title=\"ujabb-sikeres-szallitas-zala-varmegyeben-\u2013-ideal-mobilhaz-telepitese3\"><img decoding=\"async\" class=\"preload-me iso-lazy-load aspect\" src=\"data:image\/svg+xml,%3Csvg%20xmlns%3D&#39;http%3A%2F%2Fwww.w3.org%2F2000%2Fsvg&#39;%20viewBox%3D&#39;0%200%20379%20284&#39;%2F%3E\" data-src=\"https:\/\/mobilehomescentre.com\/wp-content\/uploads\/2026\/02\/ujabb-sikeres-szallitas-zala-varmegyeben-\u2013-ideal-mobilhaz-telepitese3-379x284.jpg\" data-srcset=\"https:\/\/mobilehomescentre.com\/wp-content\/uploads\/2026\/02\/ujabb-sikeres-szallitas-zala-varmegyeben-\u2013-ideal-mobilhaz-telepitese3-379x284.jpg 379w, https:\/\/mobilehomescentre.com\/wp-content\/uploads\/2026\/02\/ujabb-sikeres-szallitas-zala-varmegyeben-\u2013-ideal-mobilhaz-telepitese3-569x426.jpg 569w\" loading=\"eager\" style=\"--ratio: 379 \/ 284\" sizes=\"(max-width: 379px) 100vw, 379px\" alt=\"\" width=\"379\" height=\"284\"  \/><span class=\"gallery-rollover\"><\/span><\/a><\/figure><\/div><div class=\"wf-cell\" data-post-id=\"1936\" data-date=\"2026-02-11T13:46:00+01:00\" data-name=\"ujabb-sikeres-szallitas-zala-varmegyeben-\u2013-ideal-mobilhaz-telepitese4\"><figure class=\"post visible\"><a href=\"https:\/\/mobilehomescentre.com\/wp-content\/uploads\/2026\/02\/ujabb-sikeres-szallitas-zala-varmegyeben-\u2013-ideal-mobilhaz-telepitese4.jpg\" class=\"rollover dt-pswp-item layzr-bg\" data-large_image_width=\"1920\" data-large_image_height=\"1440\" data-dt-img-description=\"\" title=\"ujabb-sikeres-szallitas-zala-varmegyeben-\u2013-ideal-mobilhaz-telepitese4\"><img decoding=\"async\" class=\"preload-me iso-lazy-load aspect\" src=\"data:image\/svg+xml,%3Csvg%20xmlns%3D&#39;http%3A%2F%2Fwww.w3.org%2F2000%2Fsvg&#39;%20viewBox%3D&#39;0%200%20379%20284&#39;%2F%3E\" data-src=\"https:\/\/mobilehomescentre.com\/wp-content\/uploads\/2026\/02\/ujabb-sikeres-szallitas-zala-varmegyeben-\u2013-ideal-mobilhaz-telepitese4-379x284.jpg\" data-srcset=\"https:\/\/mobilehomescentre.com\/wp-content\/uploads\/2026\/02\/ujabb-sikeres-szallitas-zala-varmegyeben-\u2013-ideal-mobilhaz-telepitese4-379x284.jpg 379w, https:\/\/mobilehomescentre.com\/wp-content\/uploads\/2026\/02\/ujabb-sikeres-szallitas-zala-varmegyeben-\u2013-ideal-mobilhaz-telepitese4-569x426.jpg 569w\" loading=\"eager\" style=\"--ratio: 379 \/ 284\" sizes=\"(max-width: 379px) 100vw, 379px\" alt=\"\" width=\"379\" height=\"284\"  \/><span class=\"gallery-rollover\"><\/span><\/a><\/figure><\/div><div class=\"wf-cell\" data-post-id=\"1939\" data-date=\"2026-02-11T13:46:04+01:00\" data-name=\"ujabb-sikeres-szallitas-zala-varmegyeben-\u2013-ideal-mobilhaz-telepitese5\"><figure class=\"post visible\"><a href=\"https:\/\/mobilehomescentre.com\/wp-content\/uploads\/2026\/02\/ujabb-sikeres-szallitas-zala-varmegyeben-\u2013-ideal-mobilhaz-telepitese5.jpg\" class=\"rollover dt-pswp-item layzr-bg\" data-large_image_width=\"1920\" data-large_image_height=\"1440\" data-dt-img-description=\"\" title=\"ujabb-sikeres-szallitas-zala-varmegyeben-\u2013-ideal-mobilhaz-telepitese5\"><img decoding=\"async\" class=\"preload-me iso-lazy-load aspect\" src=\"data:image\/svg+xml,%3Csvg%20xmlns%3D&#39;http%3A%2F%2Fwww.w3.org%2F2000%2Fsvg&#39;%20viewBox%3D&#39;0%200%20379%20284&#39;%2F%3E\" data-src=\"https:\/\/mobilehomescentre.com\/wp-content\/uploads\/2026\/02\/ujabb-sikeres-szallitas-zala-varmegyeben-\u2013-ideal-mobilhaz-telepitese5-379x284.jpg\" data-srcset=\"https:\/\/mobilehomescentre.com\/wp-content\/uploads\/2026\/02\/ujabb-sikeres-szallitas-zala-varmegyeben-\u2013-ideal-mobilhaz-telepitese5-379x284.jpg 379w, https:\/\/mobilehomescentre.com\/wp-content\/uploads\/2026\/02\/ujabb-sikeres-szallitas-zala-varmegyeben-\u2013-ideal-mobilhaz-telepitese5-569x426.jpg 569w\" loading=\"eager\" style=\"--ratio: 379 \/ 284\" sizes=\"(max-width: 379px) 100vw, 379px\" alt=\"\" width=\"379\" height=\"284\"  \/><span class=\"gallery-rollover\"><\/span><\/a><\/figure><\/div><\/div><!-- iso-container|iso-grid --><\/div>[\/vc_column][\/vc_row]<\/p>\n<\/div>","protected":false},"excerpt":{"rendered":"<p>[vc_row][vc_column width=&#8221;2\/3&#8243; offset=&#8221;vc_col-sm-offset-2&#8243;][vc_column_text css=&#8221;&#8221;]Recently, we delivered a used Ideal mobile home (8&#215;3.10 meters, 2 bedrooms) to its new owner in Zala. Prior to delivery, modifications included installing an electric boiler and connections for a washing machine. Challenges During Transport and Installation The narrow roads in the Zala area and uneven terrain posed challenges for our&hellip;<\/p>\n","protected":false},"author":2,"featured_media":1927,"comment_status":"closed","ping_status":"closed","sticky":false,"template":"","format":"standard","meta":{"_acf_changed":false,"inline_featured_image":false,"footnotes":""},"categories":[398],"tags":[],"class_list":["post-2557","post","type-post","status-publish","format-standard","has-post-thumbnail","hentry","category-referencia","category-398","description-off"],"acf":[],"yoast_head":"<!-- This site is optimized with the Yoast SEO plugin v27.3 - https:\/\/yoast.com\/product\/yoast-seo-wordpress\/ -->\n<title>Transport of a Used Ideal Mobile Home to Zala - Mobilh\u00e1z - \u00daj \u00e9s haszn\u00e1lt mobilh\u00e1zak Magyarorsz\u00e1g els\u0151 sz\u00e1m\u00fa keresked\u0151j\u00e9t\u0151l - Mobile Homes Centre<\/title>\n<meta name=\"robots\" content=\"index, follow, max-snippet:-1, max-image-preview:large, max-video-preview:-1\" \/>\n<link rel=\"canonical\" href=\"https:\/\/mobilehomescentre.com\/en\/referencia\/transport-of-a-used-ideal-mobile-home-to-zala\/\" \/>\n<meta property=\"og:locale\" content=\"en_US\" \/>\n<meta property=\"og:type\" content=\"article\" \/>\n<meta property=\"og:title\" content=\"Transport of a Used Ideal Mobile Home to Zala - Mobilh\u00e1z - \u00daj \u00e9s haszn\u00e1lt mobilh\u00e1zak Magyarorsz\u00e1g els\u0151 sz\u00e1m\u00fa keresked\u0151j\u00e9t\u0151l - Mobile Homes Centre\" \/>\n<meta property=\"og:description\" content=\"[vc_row][vc_column width=&#8221;2\/3&#8243; offset=&#8221;vc_col-sm-offset-2&#8243;][vc_column_text css=&#8221;&#8221;]Recently, we delivered a used Ideal mobile home (8&#215;3.10 meters, 2 bedrooms) to its new owner in Zala. Prior to delivery, modifications included installing an electric boiler and connections for a washing machine. Challenges During Transport and Installation The narrow roads in the Zala area and uneven terrain posed challenges for our&hellip;\" \/>\n<meta property=\"og:url\" content=\"https:\/\/mobilehomescentre.com\/en\/referencia\/transport-of-a-used-ideal-mobile-home-to-zala\/\" \/>\n<meta property=\"og:site_name\" content=\"Mobilh\u00e1z - \u00daj \u00e9s haszn\u00e1lt mobilh\u00e1zak Magyarorsz\u00e1g els\u0151 sz\u00e1m\u00fa keresked\u0151j\u00e9t\u0151l - Mobile Homes Centre\" \/>\n<meta property=\"article:publisher\" content=\"https:\/\/www.facebook.com\/mobilhomeskft\" \/>\n<meta property=\"article:published_time\" content=\"2026-02-11T12:46:19+00:00\" \/>\n<meta property=\"article:modified_time\" content=\"2026-02-19T13:27:16+00:00\" \/>\n<meta property=\"og:image\" content=\"https:\/\/mobilehomescentre.com\/wp-content\/uploads\/2026\/02\/ujabb-sikeres-szallitas-zala-varmegyeben-\u2013-ideal-mobilhaz-telepitese1.jpg\" \/>\n\t<meta property=\"og:image:width\" content=\"1920\" \/>\n\t<meta property=\"og:image:height\" content=\"1440\" \/>\n\t<meta property=\"og:image:type\" content=\"image\/jpeg\" \/>\n<meta name=\"author\" content=\"Teszt Colibree\" \/>\n<meta name=\"twitter:card\" content=\"summary_large_image\" \/>\n<meta name=\"twitter:label1\" content=\"Written by\" \/>\n\t<meta name=\"twitter:data1\" content=\"Teszt Colibree\" \/>\n\t<meta name=\"twitter:label2\" content=\"Est. reading time\" \/>\n\t<meta name=\"twitter:data2\" content=\"1 minute\" \/>\n<script type=\"application\/ld+json\" class=\"yoast-schema-graph\">{\"@context\":\"https:\\\/\\\/schema.org\",\"@graph\":[{\"@type\":\"Article\",\"@id\":\"https:\\\/\\\/mobilehomescentre.com\\\/en\\\/referencia\\\/transport-of-a-used-ideal-mobile-home-to-zala\\\/#article\",\"isPartOf\":{\"@id\":\"https:\\\/\\\/mobilehomescentre.com\\\/en\\\/referencia\\\/transport-of-a-used-ideal-mobile-home-to-zala\\\/\"},\"author\":{\"name\":\"Teszt Colibree\",\"@id\":\"https:\\\/\\\/mobilehomescentre.com\\\/en\\\/#\\\/schema\\\/person\\\/ec21e23d53f6be5d9fea6d0bb95c874f\"},\"headline\":\"Transport of a Used Ideal Mobile Home to Zala\",\"datePublished\":\"2026-02-11T12:46:19+00:00\",\"dateModified\":\"2026-02-19T13:27:16+00:00\",\"mainEntityOfPage\":{\"@id\":\"https:\\\/\\\/mobilehomescentre.com\\\/en\\\/referencia\\\/transport-of-a-used-ideal-mobile-home-to-zala\\\/\"},\"wordCount\":225,\"publisher\":{\"@id\":\"https:\\\/\\\/mobilehomescentre.com\\\/en\\\/#organization\"},\"image\":{\"@id\":\"https:\\\/\\\/mobilehomescentre.com\\\/en\\\/referencia\\\/transport-of-a-used-ideal-mobile-home-to-zala\\\/#primaryimage\"},\"thumbnailUrl\":\"https:\\\/\\\/mobilehomescentre.com\\\/wp-content\\\/uploads\\\/2026\\\/02\\\/ujabb-sikeres-szallitas-zala-varmegyeben-\u2013-ideal-mobilhaz-telepitese1.jpg\",\"articleSection\":[\"Referencia\"],\"inLanguage\":\"en-US\"},{\"@type\":\"WebPage\",\"@id\":\"https:\\\/\\\/mobilehomescentre.com\\\/en\\\/referencia\\\/transport-of-a-used-ideal-mobile-home-to-zala\\\/\",\"url\":\"https:\\\/\\\/mobilehomescentre.com\\\/en\\\/referencia\\\/transport-of-a-used-ideal-mobile-home-to-zala\\\/\",\"name\":\"Transport of a Used Ideal Mobile Home to Zala - Mobilh\u00e1z - \u00daj \u00e9s haszn\u00e1lt mobilh\u00e1zak Magyarorsz\u00e1g els\u0151 sz\u00e1m\u00fa keresked\u0151j\u00e9t\u0151l - Mobile Homes Centre\",\"isPartOf\":{\"@id\":\"https:\\\/\\\/mobilehomescentre.com\\\/en\\\/#website\"},\"primaryImageOfPage\":{\"@id\":\"https:\\\/\\\/mobilehomescentre.com\\\/en\\\/referencia\\\/transport-of-a-used-ideal-mobile-home-to-zala\\\/#primaryimage\"},\"image\":{\"@id\":\"https:\\\/\\\/mobilehomescentre.com\\\/en\\\/referencia\\\/transport-of-a-used-ideal-mobile-home-to-zala\\\/#primaryimage\"},\"thumbnailUrl\":\"https:\\\/\\\/mobilehomescentre.com\\\/wp-content\\\/uploads\\\/2026\\\/02\\\/ujabb-sikeres-szallitas-zala-varmegyeben-\u2013-ideal-mobilhaz-telepitese1.jpg\",\"datePublished\":\"2026-02-11T12:46:19+00:00\",\"dateModified\":\"2026-02-19T13:27:16+00:00\",\"breadcrumb\":{\"@id\":\"https:\\\/\\\/mobilehomescentre.com\\\/en\\\/referencia\\\/transport-of-a-used-ideal-mobile-home-to-zala\\\/#breadcrumb\"},\"inLanguage\":\"en-US\",\"potentialAction\":[{\"@type\":\"ReadAction\",\"target\":[\"https:\\\/\\\/mobilehomescentre.com\\\/en\\\/referencia\\\/transport-of-a-used-ideal-mobile-home-to-zala\\\/\"]}]},{\"@type\":\"ImageObject\",\"inLanguage\":\"en-US\",\"@id\":\"https:\\\/\\\/mobilehomescentre.com\\\/en\\\/referencia\\\/transport-of-a-used-ideal-mobile-home-to-zala\\\/#primaryimage\",\"url\":\"https:\\\/\\\/mobilehomescentre.com\\\/wp-content\\\/uploads\\\/2026\\\/02\\\/ujabb-sikeres-szallitas-zala-varmegyeben-\u2013-ideal-mobilhaz-telepitese1.jpg\",\"contentUrl\":\"https:\\\/\\\/mobilehomescentre.com\\\/wp-content\\\/uploads\\\/2026\\\/02\\\/ujabb-sikeres-szallitas-zala-varmegyeben-\u2013-ideal-mobilhaz-telepitese1.jpg\",\"width\":1920,\"height\":1440},{\"@type\":\"BreadcrumbList\",\"@id\":\"https:\\\/\\\/mobilehomescentre.com\\\/en\\\/referencia\\\/transport-of-a-used-ideal-mobile-home-to-zala\\\/#breadcrumb\",\"itemListElement\":[{\"@type\":\"ListItem\",\"position\":1,\"name\":\"Kezd\u0151lap\",\"item\":\"https:\\\/\\\/mobilehomescentre.com\\\/en\\\/\"},{\"@type\":\"ListItem\",\"position\":2,\"name\":\"Transport of a Used Ideal Mobile Home to Zala\"}]},{\"@type\":\"WebSite\",\"@id\":\"https:\\\/\\\/mobilehomescentre.com\\\/en\\\/#website\",\"url\":\"https:\\\/\\\/mobilehomescentre.com\\\/en\\\/\",\"name\":\"Mobilh\u00e1z - \u00daj \u00e9s haszn\u00e1lt mobilh\u00e1zak Magyarorsz\u00e1g els\u0151 sz\u00e1m\u00fa keresked\u0151j\u00e9t\u0151l\",\"description\":\"\",\"publisher\":{\"@id\":\"https:\\\/\\\/mobilehomescentre.com\\\/en\\\/#organization\"},\"potentialAction\":[{\"@type\":\"SearchAction\",\"target\":{\"@type\":\"EntryPoint\",\"urlTemplate\":\"https:\\\/\\\/mobilehomescentre.com\\\/en\\\/?s={search_term_string}\"},\"query-input\":{\"@type\":\"PropertyValueSpecification\",\"valueRequired\":true,\"valueName\":\"search_term_string\"}}],\"inLanguage\":\"en-US\"},{\"@type\":\"Organization\",\"@id\":\"https:\\\/\\\/mobilehomescentre.com\\\/en\\\/#organization\",\"name\":\"Mobil-Homes Kereskedelmi Kft.\",\"url\":\"https:\\\/\\\/mobilehomescentre.com\\\/en\\\/\",\"logo\":{\"@type\":\"ImageObject\",\"inLanguage\":\"en-US\",\"@id\":\"https:\\\/\\\/mobilehomescentre.com\\\/en\\\/#\\\/schema\\\/logo\\\/image\\\/\",\"url\":\"https:\\\/\\\/mobilehomescentre.com\\\/wp-content\\\/uploads\\\/2026\\\/02\\\/mobile-homes-centre.png?v=1775640080\",\"contentUrl\":\"https:\\\/\\\/mobilehomescentre.com\\\/wp-content\\\/uploads\\\/2026\\\/02\\\/mobile-homes-centre.png?v=1775640080\",\"width\":600,\"height\":758,\"caption\":\"Mobil-Homes Kereskedelmi Kft.\"},\"image\":{\"@id\":\"https:\\\/\\\/mobilehomescentre.com\\\/en\\\/#\\\/schema\\\/logo\\\/image\\\/\"},\"sameAs\":[\"https:\\\/\\\/www.facebook.com\\\/mobilhomeskft\",\"https:\\\/\\\/www.instagram.com\\\/mobilehomescentre\"]},{\"@type\":\"Person\",\"@id\":\"https:\\\/\\\/mobilehomescentre.com\\\/en\\\/#\\\/schema\\\/person\\\/ec21e23d53f6be5d9fea6d0bb95c874f\",\"name\":\"Teszt Colibree\",\"url\":\"https:\\\/\\\/mobilehomescentre.com\\\/en\\\/author\\\/borbelyb\\\/\"}]}<\/script>\n<!-- \/ Yoast SEO plugin. -->","yoast_head_json":{"title":"Transport of a Used Ideal Mobile Home to Zala - Mobilh\u00e1z - \u00daj \u00e9s haszn\u00e1lt mobilh\u00e1zak Magyarorsz\u00e1g els\u0151 sz\u00e1m\u00fa keresked\u0151j\u00e9t\u0151l - Mobile Homes Centre","robots":{"index":"index","follow":"follow","max-snippet":"max-snippet:-1","max-image-preview":"max-image-preview:large","max-video-preview":"max-video-preview:-1"},"canonical":"https:\/\/mobilehomescentre.com\/en\/referencia\/transport-of-a-used-ideal-mobile-home-to-zala\/","og_locale":"en_US","og_type":"article","og_title":"Transport of a Used Ideal Mobile Home to Zala - Mobilh\u00e1z - \u00daj \u00e9s haszn\u00e1lt mobilh\u00e1zak Magyarorsz\u00e1g els\u0151 sz\u00e1m\u00fa keresked\u0151j\u00e9t\u0151l - Mobile Homes Centre","og_description":"[vc_row][vc_column width=&#8221;2\/3&#8243; offset=&#8221;vc_col-sm-offset-2&#8243;][vc_column_text css=&#8221;&#8221;]Recently, we delivered a used Ideal mobile home (8&#215;3.10 meters, 2 bedrooms) to its new owner in Zala. Prior to delivery, modifications included installing an electric boiler and connections for a washing machine. Challenges During Transport and Installation The narrow roads in the Zala area and uneven terrain posed challenges for our&hellip;","og_url":"https:\/\/mobilehomescentre.com\/en\/referencia\/transport-of-a-used-ideal-mobile-home-to-zala\/","og_site_name":"Mobilh\u00e1z - \u00daj \u00e9s haszn\u00e1lt mobilh\u00e1zak Magyarorsz\u00e1g els\u0151 sz\u00e1m\u00fa keresked\u0151j\u00e9t\u0151l - Mobile Homes Centre","article_publisher":"https:\/\/www.facebook.com\/mobilhomeskft","article_published_time":"2026-02-11T12:46:19+00:00","article_modified_time":"2026-02-19T13:27:16+00:00","og_image":[{"width":1920,"height":1440,"url":"https:\/\/mobilehomescentre.com\/wp-content\/uploads\/2026\/02\/ujabb-sikeres-szallitas-zala-varmegyeben-\u2013-ideal-mobilhaz-telepitese1.jpg","type":"image\/jpeg"}],"author":"Teszt Colibree","twitter_card":"summary_large_image","twitter_misc":{"Written by":"Teszt Colibree","Est. reading time":"1 minute"},"schema":{"@context":"https:\/\/schema.org","@graph":[{"@type":"Article","@id":"https:\/\/mobilehomescentre.com\/en\/referencia\/transport-of-a-used-ideal-mobile-home-to-zala\/#article","isPartOf":{"@id":"https:\/\/mobilehomescentre.com\/en\/referencia\/transport-of-a-used-ideal-mobile-home-to-zala\/"},"author":{"name":"Teszt Colibree","@id":"https:\/\/mobilehomescentre.com\/en\/#\/schema\/person\/ec21e23d53f6be5d9fea6d0bb95c874f"},"headline":"Transport of a Used Ideal Mobile Home to Zala","datePublished":"2026-02-11T12:46:19+00:00","dateModified":"2026-02-19T13:27:16+00:00","mainEntityOfPage":{"@id":"https:\/\/mobilehomescentre.com\/en\/referencia\/transport-of-a-used-ideal-mobile-home-to-zala\/"},"wordCount":225,"publisher":{"@id":"https:\/\/mobilehomescentre.com\/en\/#organization"},"image":{"@id":"https:\/\/mobilehomescentre.com\/en\/referencia\/transport-of-a-used-ideal-mobile-home-to-zala\/#primaryimage"},"thumbnailUrl":"https:\/\/mobilehomescentre.com\/wp-content\/uploads\/2026\/02\/ujabb-sikeres-szallitas-zala-varmegyeben-\u2013-ideal-mobilhaz-telepitese1.jpg","articleSection":["Referencia"],"inLanguage":"en-US"},{"@type":"WebPage","@id":"https:\/\/mobilehomescentre.com\/en\/referencia\/transport-of-a-used-ideal-mobile-home-to-zala\/","url":"https:\/\/mobilehomescentre.com\/en\/referencia\/transport-of-a-used-ideal-mobile-home-to-zala\/","name":"Transport of a Used Ideal Mobile Home to Zala - Mobilh\u00e1z - \u00daj \u00e9s haszn\u00e1lt mobilh\u00e1zak Magyarorsz\u00e1g els\u0151 sz\u00e1m\u00fa keresked\u0151j\u00e9t\u0151l - Mobile Homes Centre","isPartOf":{"@id":"https:\/\/mobilehomescentre.com\/en\/#website"},"primaryImageOfPage":{"@id":"https:\/\/mobilehomescentre.com\/en\/referencia\/transport-of-a-used-ideal-mobile-home-to-zala\/#primaryimage"},"image":{"@id":"https:\/\/mobilehomescentre.com\/en\/referencia\/transport-of-a-used-ideal-mobile-home-to-zala\/#primaryimage"},"thumbnailUrl":"https:\/\/mobilehomescentre.com\/wp-content\/uploads\/2026\/02\/ujabb-sikeres-szallitas-zala-varmegyeben-\u2013-ideal-mobilhaz-telepitese1.jpg","datePublished":"2026-02-11T12:46:19+00:00","dateModified":"2026-02-19T13:27:16+00:00","breadcrumb":{"@id":"https:\/\/mobilehomescentre.com\/en\/referencia\/transport-of-a-used-ideal-mobile-home-to-zala\/#breadcrumb"},"inLanguage":"en-US","potentialAction":[{"@type":"ReadAction","target":["https:\/\/mobilehomescentre.com\/en\/referencia\/transport-of-a-used-ideal-mobile-home-to-zala\/"]}]},{"@type":"ImageObject","inLanguage":"en-US","@id":"https:\/\/mobilehomescentre.com\/en\/referencia\/transport-of-a-used-ideal-mobile-home-to-zala\/#primaryimage","url":"https:\/\/mobilehomescentre.com\/wp-content\/uploads\/2026\/02\/ujabb-sikeres-szallitas-zala-varmegyeben-\u2013-ideal-mobilhaz-telepitese1.jpg","contentUrl":"https:\/\/mobilehomescentre.com\/wp-content\/uploads\/2026\/02\/ujabb-sikeres-szallitas-zala-varmegyeben-\u2013-ideal-mobilhaz-telepitese1.jpg","width":1920,"height":1440},{"@type":"BreadcrumbList","@id":"https:\/\/mobilehomescentre.com\/en\/referencia\/transport-of-a-used-ideal-mobile-home-to-zala\/#breadcrumb","itemListElement":[{"@type":"ListItem","position":1,"name":"Kezd\u0151lap","item":"https:\/\/mobilehomescentre.com\/en\/"},{"@type":"ListItem","position":2,"name":"Transport of a Used Ideal Mobile Home to Zala"}]},{"@type":"WebSite","@id":"https:\/\/mobilehomescentre.com\/en\/#website","url":"https:\/\/mobilehomescentre.com\/en\/","name":"Mobilh\u00e1z - \u00daj \u00e9s haszn\u00e1lt mobilh\u00e1zak Magyarorsz\u00e1g els\u0151 sz\u00e1m\u00fa keresked\u0151j\u00e9t\u0151l","description":"","publisher":{"@id":"https:\/\/mobilehomescentre.com\/en\/#organization"},"potentialAction":[{"@type":"SearchAction","target":{"@type":"EntryPoint","urlTemplate":"https:\/\/mobilehomescentre.com\/en\/?s={search_term_string}"},"query-input":{"@type":"PropertyValueSpecification","valueRequired":true,"valueName":"search_term_string"}}],"inLanguage":"en-US"},{"@type":"Organization","@id":"https:\/\/mobilehomescentre.com\/en\/#organization","name":"Mobil-Homes Kereskedelmi Kft.","url":"https:\/\/mobilehomescentre.com\/en\/","logo":{"@type":"ImageObject","inLanguage":"en-US","@id":"https:\/\/mobilehomescentre.com\/en\/#\/schema\/logo\/image\/","url":"https:\/\/mobilehomescentre.com\/wp-content\/uploads\/2026\/02\/mobile-homes-centre.png?v=1775640080","contentUrl":"https:\/\/mobilehomescentre.com\/wp-content\/uploads\/2026\/02\/mobile-homes-centre.png?v=1775640080","width":600,"height":758,"caption":"Mobil-Homes Kereskedelmi Kft."},"image":{"@id":"https:\/\/mobilehomescentre.com\/en\/#\/schema\/logo\/image\/"},"sameAs":["https:\/\/www.facebook.com\/mobilhomeskft","https:\/\/www.instagram.com\/mobilehomescentre"]},{"@type":"Person","@id":"https:\/\/mobilehomescentre.com\/en\/#\/schema\/person\/ec21e23d53f6be5d9fea6d0bb95c874f","name":"Teszt Colibree","url":"https:\/\/mobilehomescentre.com\/en\/author\/borbelyb\/"}]}},"_links":{"self":[{"href":"https:\/\/mobilehomescentre.com\/en\/wp-json\/wp\/v2\/posts\/2557","targetHints":{"allow":["GET"]}}],"collection":[{"href":"https:\/\/mobilehomescentre.com\/en\/wp-json\/wp\/v2\/posts"}],"about":[{"href":"https:\/\/mobilehomescentre.com\/en\/wp-json\/wp\/v2\/types\/post"}],"author":[{"embeddable":true,"href":"https:\/\/mobilehomescentre.com\/en\/wp-json\/wp\/v2\/users\/2"}],"replies":[{"embeddable":true,"href":"https:\/\/mobilehomescentre.com\/en\/wp-json\/wp\/v2\/comments?post=2557"}],"version-history":[{"count":2,"href":"https:\/\/mobilehomescentre.com\/en\/wp-json\/wp\/v2\/posts\/2557\/revisions"}],"predecessor-version":[{"id":2559,"href":"https:\/\/mobilehomescentre.com\/en\/wp-json\/wp\/v2\/posts\/2557\/revisions\/2559"}],"wp:featuredmedia":[{"embeddable":true,"href":"https:\/\/mobilehomescentre.com\/en\/wp-json\/wp\/v2\/media\/1927"}],"wp:attachment":[{"href":"https:\/\/mobilehomescentre.com\/en\/wp-json\/wp\/v2\/media?parent=2557"}],"wp:term":[{"taxonomy":"category","embeddable":true,"href":"https:\/\/mobilehomescentre.com\/en\/wp-json\/wp\/v2\/categories?post=2557"},{"taxonomy":"post_tag","embeddable":true,"href":"https:\/\/mobilehomescentre.com\/en\/wp-json\/wp\/v2\/tags?post=2557"}],"curies":[{"name":"wp","href":"https:\/\/api.w.org\/{rel}","templated":true}]}}