{"id":2461,"date":"2026-02-11T13:41:54","date_gmt":"2026-02-11T12:41:54","guid":{"rendered":"https:\/\/mobilehomescentre.com\/unkategorisiert\/transport-eines-neuen-isolierten-hauses-im-komitat-pest\/"},"modified":"2026-02-18T17:04:24","modified_gmt":"2026-02-18T16:04:24","slug":"transport-eines-neuen-isolierten-hauses-im-komitat-pest","status":"publish","type":"post","link":"https:\/\/mobilehomescentre.com\/de\/referencia\/transport-eines-neuen-isolierten-hauses-im-komitat-pest\/","title":{"rendered":"Transport eines neuen isolierten Hauses im Komitat Pest"},"content":{"rendered":"<div class=\"wpb-content-wrapper\"><p>[vc_row][vc_column width=&#8220;2\/3&#8243; offset=&#8220;vc_col-sm-offset-2&#8243;][vc_column_text css=&#8220;&#8220;]<strong>Wir haben k\u00fcrzlich ein neues isoliertes Haus im Komitat Pest erfolgreich transportiert und installiert. Der Kunde w\u00fcnschte ein ger\u00e4umiges, modernes und energieeffizientes Zuhause, das wir an einem malerischen Standort realisiert haben.<\/strong><\/p>\n<h3>Herausforderungen beim Transport und bei der Installation<\/h3>\n<p>W\u00e4hrend des Transports gab es viele Herausforderungen. Die engen Stra\u00dfen, scharfen Kurven und das regnerische Wetter erschwerten die Arbeit. Aufgrund des nassen, rutschigen Bodens mussten wir besonders darauf achten, dass das Haus unbesch\u00e4digt bleibt. Dank der Erfahrung unseres Teams und unserer speziellen Ausr\u00fcstung konnten wir alle Hindernisse reibungslos \u00fcberwinden. Die Bilder zeigen, wie wir in den engen Stra\u00dfen zusammenarbeiteten und das Haus mit einem Traktor an den gew\u00fcnschten Standort zogen.<\/p>\n<h3>Vorteile des neuen Hauses<\/h3>\n<p>Dieses neue isolierte Haus ist nicht nur modern und komfortabel, sondern auch mit den neuesten energieeffizienten L\u00f6sungen ausgestattet. So bietet es langfristig eine praktische und wirtschaftliche Wohnm\u00f6glichkeit. Das Geb\u00e4ude verf\u00fcgt \u00fcber ein ger\u00e4umiges Wohnzimmer, gut durchdachte Zimmer und Komfort, der den heutigen Anforderungen entspricht, wodurch es sich auch ideal f\u00fcr Familien eignet.<\/p>\n<h3>Erfolgreiches Projekt und zufriedener Kunde<\/h3>\n<p>W\u00e4hrend des Transports und der Installation haben wir alle Herausforderungen erfolgreich gemeistert und erneut bewiesen, dass unser Unternehmen sich auch an schwierige Gegebenheiten vor Ort anpassen kann. Trotz des regnerischen Wetters verlief die Arbeit reibungslos, und der neue Eigent\u00fcmer genie\u00dft bereits den Komfort seines neuen Zuhauses in der N\u00e4he der Natur. Wenn auch Sie ein \u00e4hnliches Zuhause m\u00f6chten, kontaktieren Sie uns gerne![\/vc_column_text][\/vc_column][\/vc_row][vc_row][vc_column]<style type=\"text\/css\" data-type=\"the7_shortcodes-inline-css\">.gallery-shortcode.gallery-masonry-shortcode-id-cf2e6cb5c15686fafe0a86c7a59326dc figure,\n.gallery-shortcode.gallery-masonry-shortcode-id-cf2e6cb5c15686fafe0a86c7a59326dc .rollover,\n.gallery-shortcode.gallery-masonry-shortcode-id-cf2e6cb5c15686fafe0a86c7a59326dc img,\n.gallery-shortcode.gallery-masonry-shortcode-id-cf2e6cb5c15686fafe0a86c7a59326dc .gallery-rollover {\n  border-radius: 15px;\n}\n.gallery-shortcode.gallery-masonry-shortcode-id-cf2e6cb5c15686fafe0a86c7a59326dc.enable-bg-rollover .gallery-rollover {\n  background: -webkit-linear-gradient();\n  background: linear-gradient();\n}\n.gallery-shortcode.gallery-masonry-shortcode-id-cf2e6cb5c15686fafe0a86c7a59326dc.enable-bg-rollover.hover-scale figure .rollover:after {\n  background: -webkit-linear-gradient();\n  background: linear-gradient();\n}\n.gallery-shortcode.gallery-masonry-shortcode-id-cf2e6cb5c15686fafe0a86c7a59326dc .gallery-zoom-ico {\n  width: 44px;\n  height: 44px;\n  line-height: 44px;\n  border-radius: 100px;\n  margin: -22px 0 0 -22px;\n  border-width: 0px;\n  color: #ffffff;\n}\n.dt-icon-bg-on.gallery-shortcode.gallery-masonry-shortcode-id-cf2e6cb5c15686fafe0a86c7a59326dc .gallery-zoom-ico {\n  background: rgba(255,255,255,0.3);\n  box-shadow: none;\n}\n.gallery-shortcode.gallery-masonry-shortcode-id-cf2e6cb5c15686fafe0a86c7a59326dc .gallery-zoom-ico:before,\n.gallery-shortcode.gallery-masonry-shortcode-id-cf2e6cb5c15686fafe0a86c7a59326dc .gallery-zoom-ico span {\n  font-size: 32px;\n  line-height: 44px;\n  color: #ffffff;\n}\n.gallery-shortcode.gallery-masonry-shortcode-id-cf2e6cb5c15686fafe0a86c7a59326dc:not(.resize-by-browser-width) .dt-css-grid {\n  grid-row-gap: 10px;\n  grid-column-gap: 10px;\n  grid-template-columns: repeat(auto-fill,minmax(,1fr));\n}\n.gallery-shortcode.gallery-masonry-shortcode-id-cf2e6cb5c15686fafe0a86c7a59326dc:not(.resize-by-browser-width) .dt-css-grid .double-width {\n  grid-column: span 2;\n}\n.cssgridlegacy.no-cssgrid .gallery-shortcode.gallery-masonry-shortcode-id-cf2e6cb5c15686fafe0a86c7a59326dc:not(.resize-by-browser-width) .dt-css-grid,\n.no-cssgridlegacy.no-cssgrid .gallery-shortcode.gallery-masonry-shortcode-id-cf2e6cb5c15686fafe0a86c7a59326dc:not(.resize-by-browser-width) .dt-css-grid {\n  display: flex;\n  flex-flow: row wrap;\n  margin: -5px;\n}\n.cssgridlegacy.no-cssgrid .gallery-shortcode.gallery-masonry-shortcode-id-cf2e6cb5c15686fafe0a86c7a59326dc:not(.resize-by-browser-width) .dt-css-grid .wf-cell,\n.no-cssgridlegacy.no-cssgrid .gallery-shortcode.gallery-masonry-shortcode-id-cf2e6cb5c15686fafe0a86c7a59326dc:not(.resize-by-browser-width) .dt-css-grid .wf-cell {\n  flex: 1 0 ;\n  max-width: 100%;\n  padding: 5px;\n  box-sizing: border-box;\n}\n.gallery-shortcode.gallery-masonry-shortcode-id-cf2e6cb5c15686fafe0a86c7a59326dc.resize-by-browser-width .dt-css-grid {\n  grid-template-columns: repeat(3,1fr);\n  grid-template-rows: auto;\n  grid-column-gap: 10px;\n  grid-row-gap: 10px;\n}\n.gallery-shortcode.gallery-masonry-shortcode-id-cf2e6cb5c15686fafe0a86c7a59326dc.resize-by-browser-width .dt-css-grid .double-width {\n  grid-column: span 2;\n}\n.cssgridlegacy.no-cssgrid .gallery-shortcode.gallery-masonry-shortcode-id-cf2e6cb5c15686fafe0a86c7a59326dc.resize-by-browser-width .dt-css-grid {\n  margin: -5px;\n}\n.cssgridlegacy.no-cssgrid .gallery-shortcode.gallery-masonry-shortcode-id-cf2e6cb5c15686fafe0a86c7a59326dc.resize-by-browser-width .dt-css-grid .wf-cell {\n  width: 33.3333333333%;\n  padding: 5px;\n}\n.cssgridlegacy.no-cssgrid .gallery-shortcode.gallery-masonry-shortcode-id-cf2e6cb5c15686fafe0a86c7a59326dc.resize-by-browser-width .dt-css-grid .wf-cell.double-width {\n  width: calc(33.3333333333%) * 2;\n}\n.gallery-shortcode.gallery-masonry-shortcode-id-cf2e6cb5c15686fafe0a86c7a59326dc.resize-by-browser-width:not(.centered-layout-list):not(.content-bg-on) .dt-css-grid {\n  grid-row-gap: 10px - ;\n}\n@media screen and (max-width: 1199px) {\n  .gallery-shortcode.gallery-masonry-shortcode-id-cf2e6cb5c15686fafe0a86c7a59326dc.resize-by-browser-width .dt-css-grid {\n    grid-template-columns: repeat(3,1fr);\n  }\n  .cssgridlegacy.no-cssgrid .gallery-shortcode.gallery-masonry-shortcode-id-cf2e6cb5c15686fafe0a86c7a59326dc.resize-by-browser-width .dt-css-grid .wf-cell,\n  .no-cssgridlegacy.no-cssgrid .gallery-shortcode.gallery-masonry-shortcode-id-cf2e6cb5c15686fafe0a86c7a59326dc.resize-by-browser-width .dt-css-grid .wf-cell {\n    width: 33.3333333333%;\n  }\n  .cssgridlegacy.no-cssgrid .gallery-shortcode.gallery-masonry-shortcode-id-cf2e6cb5c15686fafe0a86c7a59326dc.resize-by-browser-width .dt-css-grid .wf-cell.double-width,\n  .no-cssgridlegacy.no-cssgrid .gallery-shortcode.gallery-masonry-shortcode-id-cf2e6cb5c15686fafe0a86c7a59326dc.resize-by-browser-width .dt-css-grid .wf-cell.double-width {\n    width: calc(33.3333333333%)*2;\n  }\n}\n@media screen and (max-width: 991px) {\n  .gallery-shortcode.gallery-masonry-shortcode-id-cf2e6cb5c15686fafe0a86c7a59326dc.resize-by-browser-width .dt-css-grid {\n    grid-template-columns: repeat(3,1fr);\n  }\n  .cssgridlegacy.no-cssgrid .gallery-shortcode.gallery-masonry-shortcode-id-cf2e6cb5c15686fafe0a86c7a59326dc.resize-by-browser-width .dt-css-grid .wf-cell,\n  .no-cssgridlegacy.no-cssgrid .gallery-shortcode.gallery-masonry-shortcode-id-cf2e6cb5c15686fafe0a86c7a59326dc.resize-by-browser-width .dt-css-grid .wf-cell {\n    width: 33.3333333333%;\n  }\n  .cssgridlegacy.no-cssgrid .gallery-shortcode.gallery-masonry-shortcode-id-cf2e6cb5c15686fafe0a86c7a59326dc.resize-by-browser-width .dt-css-grid .wf-cell.double-width,\n  .no-cssgridlegacy.no-cssgrid .gallery-shortcode.gallery-masonry-shortcode-id-cf2e6cb5c15686fafe0a86c7a59326dc.resize-by-browser-width .dt-css-grid .wf-cell.double-width {\n    width: calc(33.3333333333%)*2;\n  }\n}\n@media screen and (max-width: 767px) {\n  .gallery-shortcode.gallery-masonry-shortcode-id-cf2e6cb5c15686fafe0a86c7a59326dc.resize-by-browser-width .dt-css-grid {\n    grid-template-columns: repeat(2,1fr);\n  }\n  .cssgridlegacy.no-cssgrid .gallery-shortcode.gallery-masonry-shortcode-id-cf2e6cb5c15686fafe0a86c7a59326dc.resize-by-browser-width .dt-css-grid .wf-cell,\n  .no-cssgridlegacy.no-cssgrid .gallery-shortcode.gallery-masonry-shortcode-id-cf2e6cb5c15686fafe0a86c7a59326dc.resize-by-browser-width .dt-css-grid .wf-cell {\n    width: 50%;\n  }\n  .cssgridlegacy.no-cssgrid .gallery-shortcode.gallery-masonry-shortcode-id-cf2e6cb5c15686fafe0a86c7a59326dc.resize-by-browser-width .dt-css-grid .wf-cell.double-width,\n  .no-cssgridlegacy.no-cssgrid .gallery-shortcode.gallery-masonry-shortcode-id-cf2e6cb5c15686fafe0a86c7a59326dc.resize-by-browser-width .dt-css-grid .wf-cell.double-width {\n    width: calc(50%)*2;\n  }\n}<\/style><div class=\"gallery-shortcode dt-gallery-container gallery-masonry-shortcode-id-cf2e6cb5c15686fafe0a86c7a59326dc mode-grid jquery-filter dt-icon-bg-off scale-img dt-css-grid-wrap resize-by-browser-width  hover-fade loading-effect-none description-on-hover\" data-padding=\"5px\" data-cur-page=\"1\" data-post-limit=\"-1\" data-pagination-mode=\"none\" data-desktop-columns-num=\"3\" data-v-tablet-columns-num=\"3\" data-h-tablet-columns-num=\"3\" data-phone-columns-num=\"2\" data-width=\"0px\" data-columns=\"0\"><div class=\"dt-css-grid\" ><div class=\"wf-cell\" data-post-id=\"1892\" data-date=\"2026-02-11T13:40:40+01:00\" data-name=\"uj-hoszigetelt-haz-atszallitasa-pest-varmegyeben1\"><figure class=\"post visible\"><a href=\"https:\/\/mobilehomescentre.com\/wp-content\/uploads\/2026\/02\/uj-hoszigetelt-haz-atszallitasa-pest-varmegyeben1.jpg\" class=\"rollover dt-pswp-item layzr-bg\" data-large_image_width=\"1920\" data-large_image_height=\"1440\" data-dt-img-description=\"\" title=\"uj-hoszigetelt-haz-atszallitasa-pest-varmegyeben1\"><img fetchpriority=\"high\" decoding=\"async\" class=\"preload-me iso-lazy-load aspect\" src=\"data:image\/svg+xml,%3Csvg%20xmlns%3D&#39;http%3A%2F%2Fwww.w3.org%2F2000%2Fsvg&#39;%20viewBox%3D&#39;0%200%20379%20284&#39;%2F%3E\" data-src=\"https:\/\/mobilehomescentre.com\/wp-content\/uploads\/2026\/02\/uj-hoszigetelt-haz-atszallitasa-pest-varmegyeben1-379x284.jpg\" data-srcset=\"https:\/\/mobilehomescentre.com\/wp-content\/uploads\/2026\/02\/uj-hoszigetelt-haz-atszallitasa-pest-varmegyeben1-379x284.jpg 379w, https:\/\/mobilehomescentre.com\/wp-content\/uploads\/2026\/02\/uj-hoszigetelt-haz-atszallitasa-pest-varmegyeben1-569x426.jpg 569w\" loading=\"eager\" style=\"--ratio: 379 \/ 284\" sizes=\"(max-width: 379px) 100vw, 379px\" alt=\"\" width=\"379\" height=\"284\"  \/><span class=\"gallery-rollover\"><\/span><\/a><\/figure><\/div><div class=\"wf-cell\" data-post-id=\"1895\" data-date=\"2026-02-11T13:40:44+01:00\" data-name=\"uj-hoszigetelt-haz-atszallitasa-pest-varmegyeben2\"><figure class=\"post visible\"><a href=\"https:\/\/mobilehomescentre.com\/wp-content\/uploads\/2026\/02\/uj-hoszigetelt-haz-atszallitasa-pest-varmegyeben2.jpg\" class=\"rollover dt-pswp-item layzr-bg\" data-large_image_width=\"1920\" data-large_image_height=\"1440\" data-dt-img-description=\"\" title=\"uj-hoszigetelt-haz-atszallitasa-pest-varmegyeben2\"><img decoding=\"async\" class=\"preload-me iso-lazy-load aspect\" src=\"data:image\/svg+xml,%3Csvg%20xmlns%3D&#39;http%3A%2F%2Fwww.w3.org%2F2000%2Fsvg&#39;%20viewBox%3D&#39;0%200%20379%20284&#39;%2F%3E\" data-src=\"https:\/\/mobilehomescentre.com\/wp-content\/uploads\/2026\/02\/uj-hoszigetelt-haz-atszallitasa-pest-varmegyeben2-379x284.jpg\" data-srcset=\"https:\/\/mobilehomescentre.com\/wp-content\/uploads\/2026\/02\/uj-hoszigetelt-haz-atszallitasa-pest-varmegyeben2-379x284.jpg 379w, https:\/\/mobilehomescentre.com\/wp-content\/uploads\/2026\/02\/uj-hoszigetelt-haz-atszallitasa-pest-varmegyeben2-569x426.jpg 569w\" loading=\"eager\" style=\"--ratio: 379 \/ 284\" sizes=\"(max-width: 379px) 100vw, 379px\" alt=\"\" width=\"379\" height=\"284\"  \/><span class=\"gallery-rollover\"><\/span><\/a><\/figure><\/div><div class=\"wf-cell\" data-post-id=\"1898\" data-date=\"2026-02-11T13:40:48+01:00\" data-name=\"uj-hoszigetelt-haz-atszallitasa-pest-varmegyeben3\"><figure class=\"post visible\"><a href=\"https:\/\/mobilehomescentre.com\/wp-content\/uploads\/2026\/02\/uj-hoszigetelt-haz-atszallitasa-pest-varmegyeben3.jpg\" class=\"rollover dt-pswp-item layzr-bg\" data-large_image_width=\"1920\" data-large_image_height=\"1440\" data-dt-img-description=\"\" title=\"uj-hoszigetelt-haz-atszallitasa-pest-varmegyeben3\"><img decoding=\"async\" class=\"preload-me iso-lazy-load aspect\" src=\"data:image\/svg+xml,%3Csvg%20xmlns%3D&#39;http%3A%2F%2Fwww.w3.org%2F2000%2Fsvg&#39;%20viewBox%3D&#39;0%200%20379%20284&#39;%2F%3E\" data-src=\"https:\/\/mobilehomescentre.com\/wp-content\/uploads\/2026\/02\/uj-hoszigetelt-haz-atszallitasa-pest-varmegyeben3-379x284.jpg\" data-srcset=\"https:\/\/mobilehomescentre.com\/wp-content\/uploads\/2026\/02\/uj-hoszigetelt-haz-atszallitasa-pest-varmegyeben3-379x284.jpg 379w, https:\/\/mobilehomescentre.com\/wp-content\/uploads\/2026\/02\/uj-hoszigetelt-haz-atszallitasa-pest-varmegyeben3-569x426.jpg 569w\" loading=\"eager\" style=\"--ratio: 379 \/ 284\" sizes=\"(max-width: 379px) 100vw, 379px\" alt=\"\" width=\"379\" height=\"284\"  \/><span class=\"gallery-rollover\"><\/span><\/a><\/figure><\/div><div class=\"wf-cell\" data-post-id=\"1901\" data-date=\"2026-02-11T13:40:52+01:00\" data-name=\"uj-hoszigetelt-haz-atszallitasa-pest-varmegyeben4\"><figure class=\"post visible\"><a href=\"https:\/\/mobilehomescentre.com\/wp-content\/uploads\/2026\/02\/uj-hoszigetelt-haz-atszallitasa-pest-varmegyeben4.jpg\" class=\"rollover dt-pswp-item layzr-bg\" data-large_image_width=\"1920\" data-large_image_height=\"1440\" data-dt-img-description=\"\" title=\"uj-hoszigetelt-haz-atszallitasa-pest-varmegyeben4\"><img decoding=\"async\" class=\"preload-me iso-lazy-load aspect\" src=\"data:image\/svg+xml,%3Csvg%20xmlns%3D&#39;http%3A%2F%2Fwww.w3.org%2F2000%2Fsvg&#39;%20viewBox%3D&#39;0%200%20379%20284&#39;%2F%3E\" data-src=\"https:\/\/mobilehomescentre.com\/wp-content\/uploads\/2026\/02\/uj-hoszigetelt-haz-atszallitasa-pest-varmegyeben4-379x284.jpg\" data-srcset=\"https:\/\/mobilehomescentre.com\/wp-content\/uploads\/2026\/02\/uj-hoszigetelt-haz-atszallitasa-pest-varmegyeben4-379x284.jpg 379w, https:\/\/mobilehomescentre.com\/wp-content\/uploads\/2026\/02\/uj-hoszigetelt-haz-atszallitasa-pest-varmegyeben4-569x426.jpg 569w\" loading=\"eager\" style=\"--ratio: 379 \/ 284\" sizes=\"(max-width: 379px) 100vw, 379px\" alt=\"\" width=\"379\" height=\"284\"  \/><span class=\"gallery-rollover\"><\/span><\/a><\/figure><\/div><div class=\"wf-cell\" data-post-id=\"1904\" data-date=\"2026-02-11T13:40:54+01:00\" data-name=\"uj-hoszigetelt-haz-atszallitasa-pest-varmegyeben5\"><figure class=\"post visible\"><a href=\"https:\/\/mobilehomescentre.com\/wp-content\/uploads\/2026\/02\/uj-hoszigetelt-haz-atszallitasa-pest-varmegyeben5.jpg\" class=\"rollover dt-pswp-item layzr-bg\" data-large_image_width=\"1920\" data-large_image_height=\"1440\" data-dt-img-description=\"\" title=\"uj-hoszigetelt-haz-atszallitasa-pest-varmegyeben5\"><img decoding=\"async\" class=\"preload-me iso-lazy-load aspect\" src=\"data:image\/svg+xml,%3Csvg%20xmlns%3D&#39;http%3A%2F%2Fwww.w3.org%2F2000%2Fsvg&#39;%20viewBox%3D&#39;0%200%20379%20284&#39;%2F%3E\" data-src=\"https:\/\/mobilehomescentre.com\/wp-content\/uploads\/2026\/02\/uj-hoszigetelt-haz-atszallitasa-pest-varmegyeben5-379x284.jpg\" data-srcset=\"https:\/\/mobilehomescentre.com\/wp-content\/uploads\/2026\/02\/uj-hoszigetelt-haz-atszallitasa-pest-varmegyeben5-379x284.jpg 379w, https:\/\/mobilehomescentre.com\/wp-content\/uploads\/2026\/02\/uj-hoszigetelt-haz-atszallitasa-pest-varmegyeben5-569x426.jpg 569w\" loading=\"eager\" style=\"--ratio: 379 \/ 284\" sizes=\"(max-width: 379px) 100vw, 379px\" alt=\"\" width=\"379\" height=\"284\"  \/><span class=\"gallery-rollover\"><\/span><\/a><\/figure><\/div><div class=\"wf-cell\" data-post-id=\"1907\" data-date=\"2026-02-11T13:40:57+01:00\" data-name=\"uj-hoszigetelt-haz-atszallitasa-pest-varmegyeben6\"><figure class=\"post visible\"><a href=\"https:\/\/mobilehomescentre.com\/wp-content\/uploads\/2026\/02\/uj-hoszigetelt-haz-atszallitasa-pest-varmegyeben6.jpg\" class=\"rollover dt-pswp-item layzr-bg\" data-large_image_width=\"1920\" data-large_image_height=\"1440\" data-dt-img-description=\"\" title=\"uj-hoszigetelt-haz-atszallitasa-pest-varmegyeben6\"><img decoding=\"async\" class=\"preload-me iso-lazy-load aspect\" src=\"data:image\/svg+xml,%3Csvg%20xmlns%3D&#39;http%3A%2F%2Fwww.w3.org%2F2000%2Fsvg&#39;%20viewBox%3D&#39;0%200%20379%20284&#39;%2F%3E\" data-src=\"https:\/\/mobilehomescentre.com\/wp-content\/uploads\/2026\/02\/uj-hoszigetelt-haz-atszallitasa-pest-varmegyeben6-379x284.jpg\" data-srcset=\"https:\/\/mobilehomescentre.com\/wp-content\/uploads\/2026\/02\/uj-hoszigetelt-haz-atszallitasa-pest-varmegyeben6-379x284.jpg 379w, https:\/\/mobilehomescentre.com\/wp-content\/uploads\/2026\/02\/uj-hoszigetelt-haz-atszallitasa-pest-varmegyeben6-569x426.jpg 569w\" loading=\"eager\" style=\"--ratio: 379 \/ 284\" sizes=\"(max-width: 379px) 100vw, 379px\" alt=\"\" width=\"379\" height=\"284\"  \/><span class=\"gallery-rollover\"><\/span><\/a><\/figure><\/div><\/div><!-- iso-container|iso-grid --><\/div>[\/vc_column][\/vc_row]<\/p>\n<\/div>","protected":false},"excerpt":{"rendered":"<p>[vc_row][vc_column width=&#8220;2\/3&#8243; offset=&#8220;vc_col-sm-offset-2&#8243;][vc_column_text css=&#8220;&#8220;]Wir haben k\u00fcrzlich ein neues isoliertes Haus im Komitat Pest erfolgreich transportiert und installiert. Der Kunde w\u00fcnschte ein ger\u00e4umiges, modernes und energieeffizientes Zuhause, das wir an einem malerischen Standort realisiert haben. Herausforderungen beim Transport und bei der Installation W\u00e4hrend des Transports gab es viele Herausforderungen. Die engen Stra\u00dfen, scharfen Kurven und das&hellip;<\/p>\n","protected":false},"author":2,"featured_media":1904,"comment_status":"closed","ping_status":"closed","sticky":false,"template":"","format":"standard","meta":{"_acf_changed":false,"inline_featured_image":false,"footnotes":""},"categories":[397],"tags":[],"class_list":["post-2461","post","type-post","status-publish","format-standard","has-post-thumbnail","hentry","category-referencia","category-397","description-off"],"acf":[],"yoast_head":"<!-- This site is optimized with the Yoast SEO plugin v27.3 - https:\/\/yoast.com\/product\/yoast-seo-wordpress\/ -->\n<title>Transport eines neuen isolierten Hauses im Komitat Pest - Mobilh\u00e1z - \u00daj \u00e9s haszn\u00e1lt mobilh\u00e1zak Magyarorsz\u00e1g els\u0151 sz\u00e1m\u00fa keresked\u0151j\u00e9t\u0151l - Mobile Homes Centre<\/title>\n<meta name=\"robots\" content=\"index, follow, max-snippet:-1, max-image-preview:large, max-video-preview:-1\" \/>\n<link rel=\"canonical\" href=\"https:\/\/mobilehomescentre.com\/de\/referencia\/transport-eines-neuen-isolierten-hauses-im-komitat-pest\/\" \/>\n<meta property=\"og:locale\" content=\"de_DE\" \/>\n<meta property=\"og:type\" content=\"article\" \/>\n<meta property=\"og:title\" content=\"Transport eines neuen isolierten Hauses im Komitat Pest - Mobilh\u00e1z - \u00daj \u00e9s haszn\u00e1lt mobilh\u00e1zak Magyarorsz\u00e1g els\u0151 sz\u00e1m\u00fa keresked\u0151j\u00e9t\u0151l - Mobile Homes Centre\" \/>\n<meta property=\"og:description\" content=\"[vc_row][vc_column width=&#8220;2\/3&#8243; offset=&#8220;vc_col-sm-offset-2&#8243;][vc_column_text css=&#8220;&#8220;]Wir haben k\u00fcrzlich ein neues isoliertes Haus im Komitat Pest erfolgreich transportiert und installiert. Der Kunde w\u00fcnschte ein ger\u00e4umiges, modernes und energieeffizientes Zuhause, das wir an einem malerischen Standort realisiert haben. Herausforderungen beim Transport und bei der Installation W\u00e4hrend des Transports gab es viele Herausforderungen. Die engen Stra\u00dfen, scharfen Kurven und das&hellip;\" \/>\n<meta property=\"og:url\" content=\"https:\/\/mobilehomescentre.com\/de\/referencia\/transport-eines-neuen-isolierten-hauses-im-komitat-pest\/\" \/>\n<meta property=\"og:site_name\" content=\"Mobilh\u00e1z - \u00daj \u00e9s haszn\u00e1lt mobilh\u00e1zak Magyarorsz\u00e1g els\u0151 sz\u00e1m\u00fa keresked\u0151j\u00e9t\u0151l - Mobile Homes Centre\" \/>\n<meta property=\"article:publisher\" content=\"https:\/\/www.facebook.com\/mobilhomeskft\" \/>\n<meta property=\"article:published_time\" content=\"2026-02-11T12:41:54+00:00\" \/>\n<meta property=\"article:modified_time\" content=\"2026-02-18T16:04:24+00:00\" \/>\n<meta property=\"og:image\" content=\"https:\/\/mobilehomescentre.com\/wp-content\/uploads\/2026\/02\/uj-hoszigetelt-haz-atszallitasa-pest-varmegyeben5.jpg\" \/>\n\t<meta property=\"og:image:width\" content=\"1920\" \/>\n\t<meta property=\"og:image:height\" content=\"1440\" \/>\n\t<meta property=\"og:image:type\" content=\"image\/jpeg\" \/>\n<meta name=\"author\" content=\"Teszt Colibree\" \/>\n<meta name=\"twitter:card\" content=\"summary_large_image\" \/>\n<meta name=\"twitter:label1\" content=\"Verfasst von\" \/>\n\t<meta name=\"twitter:data1\" content=\"Teszt Colibree\" \/>\n\t<meta name=\"twitter:label2\" content=\"Gesch\u00e4tzte Lesezeit\" \/>\n\t<meta name=\"twitter:data2\" content=\"2\u00a0Minuten\" \/>\n<script type=\"application\/ld+json\" class=\"yoast-schema-graph\">{\"@context\":\"https:\\\/\\\/schema.org\",\"@graph\":[{\"@type\":\"Article\",\"@id\":\"https:\\\/\\\/mobilehomescentre.com\\\/de\\\/referencia\\\/transport-eines-neuen-isolierten-hauses-im-komitat-pest\\\/#article\",\"isPartOf\":{\"@id\":\"https:\\\/\\\/mobilehomescentre.com\\\/de\\\/referencia\\\/transport-eines-neuen-isolierten-hauses-im-komitat-pest\\\/\"},\"author\":{\"name\":\"Teszt Colibree\",\"@id\":\"https:\\\/\\\/mobilehomescentre.com\\\/de\\\/#\\\/schema\\\/person\\\/ec21e23d53f6be5d9fea6d0bb95c874f\"},\"headline\":\"Transport eines neuen isolierten Hauses im Komitat Pest\",\"datePublished\":\"2026-02-11T12:41:54+00:00\",\"dateModified\":\"2026-02-18T16:04:24+00:00\",\"mainEntityOfPage\":{\"@id\":\"https:\\\/\\\/mobilehomescentre.com\\\/de\\\/referencia\\\/transport-eines-neuen-isolierten-hauses-im-komitat-pest\\\/\"},\"wordCount\":319,\"publisher\":{\"@id\":\"https:\\\/\\\/mobilehomescentre.com\\\/de\\\/#organization\"},\"image\":{\"@id\":\"https:\\\/\\\/mobilehomescentre.com\\\/de\\\/referencia\\\/transport-eines-neuen-isolierten-hauses-im-komitat-pest\\\/#primaryimage\"},\"thumbnailUrl\":\"https:\\\/\\\/mobilehomescentre.com\\\/wp-content\\\/uploads\\\/2026\\\/02\\\/uj-hoszigetelt-haz-atszallitasa-pest-varmegyeben5.jpg\",\"articleSection\":[\"Referencia\"],\"inLanguage\":\"de\"},{\"@type\":\"WebPage\",\"@id\":\"https:\\\/\\\/mobilehomescentre.com\\\/de\\\/referencia\\\/transport-eines-neuen-isolierten-hauses-im-komitat-pest\\\/\",\"url\":\"https:\\\/\\\/mobilehomescentre.com\\\/de\\\/referencia\\\/transport-eines-neuen-isolierten-hauses-im-komitat-pest\\\/\",\"name\":\"Transport eines neuen isolierten Hauses im Komitat Pest - Mobilh\u00e1z - \u00daj \u00e9s haszn\u00e1lt mobilh\u00e1zak Magyarorsz\u00e1g els\u0151 sz\u00e1m\u00fa keresked\u0151j\u00e9t\u0151l - Mobile Homes Centre\",\"isPartOf\":{\"@id\":\"https:\\\/\\\/mobilehomescentre.com\\\/de\\\/#website\"},\"primaryImageOfPage\":{\"@id\":\"https:\\\/\\\/mobilehomescentre.com\\\/de\\\/referencia\\\/transport-eines-neuen-isolierten-hauses-im-komitat-pest\\\/#primaryimage\"},\"image\":{\"@id\":\"https:\\\/\\\/mobilehomescentre.com\\\/de\\\/referencia\\\/transport-eines-neuen-isolierten-hauses-im-komitat-pest\\\/#primaryimage\"},\"thumbnailUrl\":\"https:\\\/\\\/mobilehomescentre.com\\\/wp-content\\\/uploads\\\/2026\\\/02\\\/uj-hoszigetelt-haz-atszallitasa-pest-varmegyeben5.jpg\",\"datePublished\":\"2026-02-11T12:41:54+00:00\",\"dateModified\":\"2026-02-18T16:04:24+00:00\",\"breadcrumb\":{\"@id\":\"https:\\\/\\\/mobilehomescentre.com\\\/de\\\/referencia\\\/transport-eines-neuen-isolierten-hauses-im-komitat-pest\\\/#breadcrumb\"},\"inLanguage\":\"de\",\"potentialAction\":[{\"@type\":\"ReadAction\",\"target\":[\"https:\\\/\\\/mobilehomescentre.com\\\/de\\\/referencia\\\/transport-eines-neuen-isolierten-hauses-im-komitat-pest\\\/\"]}]},{\"@type\":\"ImageObject\",\"inLanguage\":\"de\",\"@id\":\"https:\\\/\\\/mobilehomescentre.com\\\/de\\\/referencia\\\/transport-eines-neuen-isolierten-hauses-im-komitat-pest\\\/#primaryimage\",\"url\":\"https:\\\/\\\/mobilehomescentre.com\\\/wp-content\\\/uploads\\\/2026\\\/02\\\/uj-hoszigetelt-haz-atszallitasa-pest-varmegyeben5.jpg\",\"contentUrl\":\"https:\\\/\\\/mobilehomescentre.com\\\/wp-content\\\/uploads\\\/2026\\\/02\\\/uj-hoszigetelt-haz-atszallitasa-pest-varmegyeben5.jpg\",\"width\":1920,\"height\":1440},{\"@type\":\"BreadcrumbList\",\"@id\":\"https:\\\/\\\/mobilehomescentre.com\\\/de\\\/referencia\\\/transport-eines-neuen-isolierten-hauses-im-komitat-pest\\\/#breadcrumb\",\"itemListElement\":[{\"@type\":\"ListItem\",\"position\":1,\"name\":\"Kezd\u0151lap\",\"item\":\"https:\\\/\\\/mobilehomescentre.com\\\/de\\\/\"},{\"@type\":\"ListItem\",\"position\":2,\"name\":\"Transport eines neuen isolierten Hauses im Komitat Pest\"}]},{\"@type\":\"WebSite\",\"@id\":\"https:\\\/\\\/mobilehomescentre.com\\\/de\\\/#website\",\"url\":\"https:\\\/\\\/mobilehomescentre.com\\\/de\\\/\",\"name\":\"Mobilh\u00e1z - \u00daj \u00e9s haszn\u00e1lt mobilh\u00e1zak Magyarorsz\u00e1g els\u0151 sz\u00e1m\u00fa keresked\u0151j\u00e9t\u0151l\",\"description\":\"\",\"publisher\":{\"@id\":\"https:\\\/\\\/mobilehomescentre.com\\\/de\\\/#organization\"},\"potentialAction\":[{\"@type\":\"SearchAction\",\"target\":{\"@type\":\"EntryPoint\",\"urlTemplate\":\"https:\\\/\\\/mobilehomescentre.com\\\/de\\\/?s={search_term_string}\"},\"query-input\":{\"@type\":\"PropertyValueSpecification\",\"valueRequired\":true,\"valueName\":\"search_term_string\"}}],\"inLanguage\":\"de\"},{\"@type\":\"Organization\",\"@id\":\"https:\\\/\\\/mobilehomescentre.com\\\/de\\\/#organization\",\"name\":\"Mobil-Homes Kereskedelmi Kft.\",\"url\":\"https:\\\/\\\/mobilehomescentre.com\\\/de\\\/\",\"logo\":{\"@type\":\"ImageObject\",\"inLanguage\":\"de\",\"@id\":\"https:\\\/\\\/mobilehomescentre.com\\\/de\\\/#\\\/schema\\\/logo\\\/image\\\/\",\"url\":\"https:\\\/\\\/mobilehomescentre.com\\\/wp-content\\\/uploads\\\/2026\\\/02\\\/mobile-homes-centre.png?v=1775640080\",\"contentUrl\":\"https:\\\/\\\/mobilehomescentre.com\\\/wp-content\\\/uploads\\\/2026\\\/02\\\/mobile-homes-centre.png?v=1775640080\",\"width\":600,\"height\":758,\"caption\":\"Mobil-Homes Kereskedelmi Kft.\"},\"image\":{\"@id\":\"https:\\\/\\\/mobilehomescentre.com\\\/de\\\/#\\\/schema\\\/logo\\\/image\\\/\"},\"sameAs\":[\"https:\\\/\\\/www.facebook.com\\\/mobilhomeskft\",\"https:\\\/\\\/www.instagram.com\\\/mobilehomescentre\"]},{\"@type\":\"Person\",\"@id\":\"https:\\\/\\\/mobilehomescentre.com\\\/de\\\/#\\\/schema\\\/person\\\/ec21e23d53f6be5d9fea6d0bb95c874f\",\"name\":\"Teszt Colibree\",\"url\":\"https:\\\/\\\/mobilehomescentre.com\\\/de\\\/author\\\/borbelyb\\\/\"}]}<\/script>\n<!-- \/ Yoast SEO plugin. -->","yoast_head_json":{"title":"Transport eines neuen isolierten Hauses im Komitat Pest - Mobilh\u00e1z - \u00daj \u00e9s haszn\u00e1lt mobilh\u00e1zak Magyarorsz\u00e1g els\u0151 sz\u00e1m\u00fa keresked\u0151j\u00e9t\u0151l - Mobile Homes Centre","robots":{"index":"index","follow":"follow","max-snippet":"max-snippet:-1","max-image-preview":"max-image-preview:large","max-video-preview":"max-video-preview:-1"},"canonical":"https:\/\/mobilehomescentre.com\/de\/referencia\/transport-eines-neuen-isolierten-hauses-im-komitat-pest\/","og_locale":"de_DE","og_type":"article","og_title":"Transport eines neuen isolierten Hauses im Komitat Pest - Mobilh\u00e1z - \u00daj \u00e9s haszn\u00e1lt mobilh\u00e1zak Magyarorsz\u00e1g els\u0151 sz\u00e1m\u00fa keresked\u0151j\u00e9t\u0151l - Mobile Homes Centre","og_description":"[vc_row][vc_column width=&#8220;2\/3&#8243; offset=&#8220;vc_col-sm-offset-2&#8243;][vc_column_text css=&#8220;&#8220;]Wir haben k\u00fcrzlich ein neues isoliertes Haus im Komitat Pest erfolgreich transportiert und installiert. Der Kunde w\u00fcnschte ein ger\u00e4umiges, modernes und energieeffizientes Zuhause, das wir an einem malerischen Standort realisiert haben. Herausforderungen beim Transport und bei der Installation W\u00e4hrend des Transports gab es viele Herausforderungen. Die engen Stra\u00dfen, scharfen Kurven und das&hellip;","og_url":"https:\/\/mobilehomescentre.com\/de\/referencia\/transport-eines-neuen-isolierten-hauses-im-komitat-pest\/","og_site_name":"Mobilh\u00e1z - \u00daj \u00e9s haszn\u00e1lt mobilh\u00e1zak Magyarorsz\u00e1g els\u0151 sz\u00e1m\u00fa keresked\u0151j\u00e9t\u0151l - Mobile Homes Centre","article_publisher":"https:\/\/www.facebook.com\/mobilhomeskft","article_published_time":"2026-02-11T12:41:54+00:00","article_modified_time":"2026-02-18T16:04:24+00:00","og_image":[{"width":1920,"height":1440,"url":"https:\/\/mobilehomescentre.com\/wp-content\/uploads\/2026\/02\/uj-hoszigetelt-haz-atszallitasa-pest-varmegyeben5.jpg","type":"image\/jpeg"}],"author":"Teszt Colibree","twitter_card":"summary_large_image","twitter_misc":{"Verfasst von":"Teszt Colibree","Gesch\u00e4tzte Lesezeit":"2\u00a0Minuten"},"schema":{"@context":"https:\/\/schema.org","@graph":[{"@type":"Article","@id":"https:\/\/mobilehomescentre.com\/de\/referencia\/transport-eines-neuen-isolierten-hauses-im-komitat-pest\/#article","isPartOf":{"@id":"https:\/\/mobilehomescentre.com\/de\/referencia\/transport-eines-neuen-isolierten-hauses-im-komitat-pest\/"},"author":{"name":"Teszt Colibree","@id":"https:\/\/mobilehomescentre.com\/de\/#\/schema\/person\/ec21e23d53f6be5d9fea6d0bb95c874f"},"headline":"Transport eines neuen isolierten Hauses im Komitat Pest","datePublished":"2026-02-11T12:41:54+00:00","dateModified":"2026-02-18T16:04:24+00:00","mainEntityOfPage":{"@id":"https:\/\/mobilehomescentre.com\/de\/referencia\/transport-eines-neuen-isolierten-hauses-im-komitat-pest\/"},"wordCount":319,"publisher":{"@id":"https:\/\/mobilehomescentre.com\/de\/#organization"},"image":{"@id":"https:\/\/mobilehomescentre.com\/de\/referencia\/transport-eines-neuen-isolierten-hauses-im-komitat-pest\/#primaryimage"},"thumbnailUrl":"https:\/\/mobilehomescentre.com\/wp-content\/uploads\/2026\/02\/uj-hoszigetelt-haz-atszallitasa-pest-varmegyeben5.jpg","articleSection":["Referencia"],"inLanguage":"de"},{"@type":"WebPage","@id":"https:\/\/mobilehomescentre.com\/de\/referencia\/transport-eines-neuen-isolierten-hauses-im-komitat-pest\/","url":"https:\/\/mobilehomescentre.com\/de\/referencia\/transport-eines-neuen-isolierten-hauses-im-komitat-pest\/","name":"Transport eines neuen isolierten Hauses im Komitat Pest - Mobilh\u00e1z - \u00daj \u00e9s haszn\u00e1lt mobilh\u00e1zak Magyarorsz\u00e1g els\u0151 sz\u00e1m\u00fa keresked\u0151j\u00e9t\u0151l - Mobile Homes Centre","isPartOf":{"@id":"https:\/\/mobilehomescentre.com\/de\/#website"},"primaryImageOfPage":{"@id":"https:\/\/mobilehomescentre.com\/de\/referencia\/transport-eines-neuen-isolierten-hauses-im-komitat-pest\/#primaryimage"},"image":{"@id":"https:\/\/mobilehomescentre.com\/de\/referencia\/transport-eines-neuen-isolierten-hauses-im-komitat-pest\/#primaryimage"},"thumbnailUrl":"https:\/\/mobilehomescentre.com\/wp-content\/uploads\/2026\/02\/uj-hoszigetelt-haz-atszallitasa-pest-varmegyeben5.jpg","datePublished":"2026-02-11T12:41:54+00:00","dateModified":"2026-02-18T16:04:24+00:00","breadcrumb":{"@id":"https:\/\/mobilehomescentre.com\/de\/referencia\/transport-eines-neuen-isolierten-hauses-im-komitat-pest\/#breadcrumb"},"inLanguage":"de","potentialAction":[{"@type":"ReadAction","target":["https:\/\/mobilehomescentre.com\/de\/referencia\/transport-eines-neuen-isolierten-hauses-im-komitat-pest\/"]}]},{"@type":"ImageObject","inLanguage":"de","@id":"https:\/\/mobilehomescentre.com\/de\/referencia\/transport-eines-neuen-isolierten-hauses-im-komitat-pest\/#primaryimage","url":"https:\/\/mobilehomescentre.com\/wp-content\/uploads\/2026\/02\/uj-hoszigetelt-haz-atszallitasa-pest-varmegyeben5.jpg","contentUrl":"https:\/\/mobilehomescentre.com\/wp-content\/uploads\/2026\/02\/uj-hoszigetelt-haz-atszallitasa-pest-varmegyeben5.jpg","width":1920,"height":1440},{"@type":"BreadcrumbList","@id":"https:\/\/mobilehomescentre.com\/de\/referencia\/transport-eines-neuen-isolierten-hauses-im-komitat-pest\/#breadcrumb","itemListElement":[{"@type":"ListItem","position":1,"name":"Kezd\u0151lap","item":"https:\/\/mobilehomescentre.com\/de\/"},{"@type":"ListItem","position":2,"name":"Transport eines neuen isolierten Hauses im Komitat Pest"}]},{"@type":"WebSite","@id":"https:\/\/mobilehomescentre.com\/de\/#website","url":"https:\/\/mobilehomescentre.com\/de\/","name":"Mobilh\u00e1z - \u00daj \u00e9s haszn\u00e1lt mobilh\u00e1zak Magyarorsz\u00e1g els\u0151 sz\u00e1m\u00fa keresked\u0151j\u00e9t\u0151l","description":"","publisher":{"@id":"https:\/\/mobilehomescentre.com\/de\/#organization"},"potentialAction":[{"@type":"SearchAction","target":{"@type":"EntryPoint","urlTemplate":"https:\/\/mobilehomescentre.com\/de\/?s={search_term_string}"},"query-input":{"@type":"PropertyValueSpecification","valueRequired":true,"valueName":"search_term_string"}}],"inLanguage":"de"},{"@type":"Organization","@id":"https:\/\/mobilehomescentre.com\/de\/#organization","name":"Mobil-Homes Kereskedelmi Kft.","url":"https:\/\/mobilehomescentre.com\/de\/","logo":{"@type":"ImageObject","inLanguage":"de","@id":"https:\/\/mobilehomescentre.com\/de\/#\/schema\/logo\/image\/","url":"https:\/\/mobilehomescentre.com\/wp-content\/uploads\/2026\/02\/mobile-homes-centre.png?v=1775640080","contentUrl":"https:\/\/mobilehomescentre.com\/wp-content\/uploads\/2026\/02\/mobile-homes-centre.png?v=1775640080","width":600,"height":758,"caption":"Mobil-Homes Kereskedelmi Kft."},"image":{"@id":"https:\/\/mobilehomescentre.com\/de\/#\/schema\/logo\/image\/"},"sameAs":["https:\/\/www.facebook.com\/mobilhomeskft","https:\/\/www.instagram.com\/mobilehomescentre"]},{"@type":"Person","@id":"https:\/\/mobilehomescentre.com\/de\/#\/schema\/person\/ec21e23d53f6be5d9fea6d0bb95c874f","name":"Teszt Colibree","url":"https:\/\/mobilehomescentre.com\/de\/author\/borbelyb\/"}]}},"_links":{"self":[{"href":"https:\/\/mobilehomescentre.com\/de\/wp-json\/wp\/v2\/posts\/2461","targetHints":{"allow":["GET"]}}],"collection":[{"href":"https:\/\/mobilehomescentre.com\/de\/wp-json\/wp\/v2\/posts"}],"about":[{"href":"https:\/\/mobilehomescentre.com\/de\/wp-json\/wp\/v2\/types\/post"}],"author":[{"embeddable":true,"href":"https:\/\/mobilehomescentre.com\/de\/wp-json\/wp\/v2\/users\/2"}],"replies":[{"embeddable":true,"href":"https:\/\/mobilehomescentre.com\/de\/wp-json\/wp\/v2\/comments?post=2461"}],"version-history":[{"count":2,"href":"https:\/\/mobilehomescentre.com\/de\/wp-json\/wp\/v2\/posts\/2461\/revisions"}],"predecessor-version":[{"id":2463,"href":"https:\/\/mobilehomescentre.com\/de\/wp-json\/wp\/v2\/posts\/2461\/revisions\/2463"}],"wp:featuredmedia":[{"embeddable":true,"href":"https:\/\/mobilehomescentre.com\/de\/wp-json\/wp\/v2\/media\/1904"}],"wp:attachment":[{"href":"https:\/\/mobilehomescentre.com\/de\/wp-json\/wp\/v2\/media?parent=2461"}],"wp:term":[{"taxonomy":"category","embeddable":true,"href":"https:\/\/mobilehomescentre.com\/de\/wp-json\/wp\/v2\/categories?post=2461"},{"taxonomy":"post_tag","embeddable":true,"href":"https:\/\/mobilehomescentre.com\/de\/wp-json\/wp\/v2\/tags?post=2461"}],"curies":[{"name":"wp","href":"https:\/\/api.w.org\/{rel}","templated":true}]}}